{"id":4683,"date":"2020-09-25T09:45:27","date_gmt":"2020-09-25T09:45:27","guid":{"rendered":"https:\/\/andreleonardo.com\/?p=4683"},"modified":"2020-09-25T10:51:16","modified_gmt":"2020-09-25T10:51:16","slug":"andre-leonardo-lanca-o-seu-segundo-livro","status":"publish","type":"post","link":"https:\/\/andreleonardo.com\/en\/andre-leonardo-lanca-o-seu-segundo-livro\/","title":{"rendered":"Andr\u00e9 Leonardo launches his second book"},"content":{"rendered":"<p>with surprising stories of Portuguese entrepreneurs who made it happen!<\/p>\n\n\n\n<h2 class=\"wp-block-heading\"><em>\u201cMake it Happen, Portugal\u201d&nbsp;<\/em>hits bookshops this week<\/h2>\n\n\n\n<p>After a long trip around the world in search of good business ideas in the most diverse areas, which resulted in numerous lectures and a first book, young entrepreneur Andr\u00e9 Leonardo focused on Portugal and travelled the mainland and the islands in search of that same treasure, but in a national version: inspiring stories of creativity, success and overcoming difficulties in the world of business. Andr\u00e9 travelled through a country that is not just about&nbsp;<em>startups<\/em>&nbsp;technology doesn't even appear in the&nbsp;<em>Websummit<\/em>; The country is a fundamental part of our social and economic fabric, but one that is often forgotten and overlooked. From this odyssey, which took him north and south, to the coast and the deep interior, to Madeira and the Azores, Andr\u00e9 brought back stories of lives and worlds in tourism and agriculture, but also in tattoo parlours and barbershops, which will inspire all Portuguese who want to start their own business. Whatever the sector or scale, the important thing is to make it happen - especially at this delicate time for Portugal and the world.<\/p>\n\n\n\n<p>The book goes on sale from this week in various bookshops across the country, and it is also possible to order the<strong> <a href=\"http:\/\/fazacontecer.pt\/faz-acontecer-portugal\/\">autographed book<\/a> <\/strong>by the author in <a href=\"http:\/\/fazacontecer.pt\/loja\/\">FazAcontecer shop.<\/a><\/p>\n\n\n\n<figure class=\"wp-block-image size-large\"><img fetchpriority=\"high\" decoding=\"async\" width=\"1731\" height=\"2311\" src=\"https:\/\/andreleonardo.com\/wp-content\/uploads\/2020\/09\/Foto-AndreLeonardo-edited.jpeg\" alt=\"\" class=\"wp-image-4686\" srcset=\"https:\/\/andreleonardo.com\/wp-content\/uploads\/2020\/09\/Foto-AndreLeonardo-edited.jpeg 1731w, https:\/\/andreleonardo.com\/wp-content\/uploads\/2020\/09\/Foto-AndreLeonardo-edited-225x300.jpeg 225w, https:\/\/andreleonardo.com\/wp-content\/uploads\/2020\/09\/Foto-AndreLeonardo-edited-767x1024.jpeg 767w, https:\/\/andreleonardo.com\/wp-content\/uploads\/2020\/09\/Foto-AndreLeonardo-edited-768x1025.jpeg 768w, https:\/\/andreleonardo.com\/wp-content\/uploads\/2020\/09\/Foto-AndreLeonardo-edited-1151x1536.jpeg 1151w, https:\/\/andreleonardo.com\/wp-content\/uploads\/2020\/09\/Foto-AndreLeonardo-edited-1534x2048.jpeg 1534w, https:\/\/andreleonardo.com\/wp-content\/uploads\/2020\/09\/Foto-AndreLeonardo-edited-600x801.jpeg 600w\" sizes=\"(max-width: 1731px) 100vw, 1731px\" \/><\/figure>\n\n\n\n<p><strong>The author mentions:<\/strong><\/p>\n\n\n\n<p><em>\u201cMy first book ended up exceeding my best expectations with around 5,000 copies sold, but above all with a lot of gratifying feedback from those who read it. It came about as a result of a time of economic crisis and an adventure around the world where I believed it was necessary to inspire people with real cases to take the step and make it happen. This second one was born for different reasons: The first is because over the last few years, in my travels around Portugal, I've met a surprising country. People with fibre who rarely make the headlines. Enterprising, energetic people who, in their villages and towns, have dreamed, put their hands to work and are today a reference point. We urgently need to publicise these fantastic people. Secondly, with a new economic crisis looming due to the pandemic, it is crucial not only to inspire, but also to empower people to make things happen. This book not only contains&nbsp;<\/em><em>a compilation of stories. I want to believe that it is a toolkit for those who read it to make things happen. My invitation is to invite readers to let themselves be inspired and to listen to that silent emotion that their head may tell them to ignore, but their heart tells them to pursue.\u201d.<\/em><\/p>\n\n\n\n<p><strong>A few criticisms:<\/strong><\/p>\n\n\n\n<p>\u00abAndr\u00e9 is a&nbsp;<em>happening<\/em>, Their stories are world lessons; they are Portugal not being afraid to read the stars of the future.\u00bb, Carlos Coelho, President Ivity Brand Corp and Associa\u00e7\u00e3o Portugal Genial<\/p>\n\n\n\n<p>\u00abSome people say they're going to do it, but only a few actually do it. Andr\u00e9 Leonardo is someone who makes it happen.\u00bb, Tim Vieira, Entrepreneur and CEO Bravegeneration<\/p>\n\n\n\n<p>\u00abFrom a conversation with Andr\u00e9 Leonardo, solutions always emerge, ideas are born, the certainty is formed that this \u00bbno' is transformable, that the results depend on us.\" Jos\u00e9 Crespo de Carvalho, Professor ISCTE-IUL and President ISCTE Executive Education<\/p>\n\n\n\n<p><strong>About the author<\/strong><\/p>\n\n\n\n<p><strong>Andr\u00e9 Leonardo&nbsp;<\/strong>was born in Angra do Hero\u00edsmo, Terceira, Azores. He holds a Master's degree in Management from ISCTE-IUL, where he is a visiting professor, specialising in strategy and entrepreneurship and is the founder of the company Faz Acontecer. In 2016, he was elected one of the \u201cseven young people who are transforming the world\u201d by the Pangea association (Madrid) and, in 2017, one of the \u201ctwelve young leaders of Portugal\u201d by the National Youth Council (Lisbon). Having shown his capacity for initiative from an early age, he set up a business selling flowers door-to-door at the age of six. At 24, he sold everything he had, collected sponsorship and set off on his own on an expedition around the world to meet entrepreneurs - an experience he recounted in his first book \u201cFaz Acontecer\u201d (2015). He also co-authored the book \u201cPangea: siete j\u00f3venes que est\u00e1n transformando el mundo\u201d, published in Spain. He wrote and presented the television series \u2018Faz Acontecer\u201d (Canal Q).<\/p>\n\n\n\n<p>Andr\u00e9 is now one of&nbsp;<em>speakers&nbsp;<\/em>He is one of the most sought-after speakers in Portugal, having lectured to more than 42,000 people in nine different countries. He has visited almost 50 countries, generated thousands of euros for social purposes, helped hundreds of entrepreneurs to pursue their dreams and realise projects and established contact with more than 300 top managers and successful entrepreneurs from all over the world.<\/p>","protected":false},"excerpt":{"rendered":"<p>com hist\u00f3rias surpreendentes de empreendedores portugueses que fizeram acontecer! \u201cFaz Acontecer, Portugal\u201d&nbsp;chega \u00e0s livrarias&nbsp;esta semana Depois de uma longa volta ao mundo \u00e0 procura de boas ideias de neg\u00f3cios nas mais diversas \u00e1reas, o que resultou em numerosas palestras e num primeiro livro, o jovem empreendedor Andr\u00e9 Leonardo focou-se em Portugal e percorreu o Continente [&hellip;]<\/p>\n","protected":false},"author":1,"featured_media":4684,"comment_status":"open","ping_status":"open","sticky":false,"template":"","format":"standard","meta":{"footnotes":""},"categories":[1],"tags":[],"class_list":["post-4683","post","type-post","status-publish","format-standard","has-post-thumbnail","hentry","category-todas"],"yoast_head":"<!-- This site is optimized with the Yoast SEO plugin v27.5 - https:\/\/yoast.com\/product\/yoast-seo-wordpress\/ -->\n<title>\u201cFaz Acontecer, Portugal\u201d chega \u00e0s livrarias esta semana<\/title>\n<meta name=\"description\" content=\"Andr\u00e9 Leonardo lan\u00e7a o seu segundo livro - &quot;Faz Acontecer Portugal&quot; com hist\u00f3rias surpreendentes de empreendedores portugueses!\" \/>\n<meta name=\"robots\" content=\"index, follow, max-snippet:-1, max-image-preview:large, max-video-preview:-1\" \/>\n<link rel=\"canonical\" href=\"https:\/\/andreleonardo.com\/en\/andre-leonardo-lanca-o-seu-segundo-livro\/\" \/>\n<meta property=\"og:locale\" content=\"en_GB\" \/>\n<meta property=\"og:type\" content=\"article\" \/>\n<meta property=\"og:title\" content=\"\u201cFaz Acontecer, Portugal\u201d chega \u00e0s livrarias esta semana\" \/>\n<meta property=\"og:description\" content=\"Andr\u00e9 Leonardo lan\u00e7a o seu segundo livro - &quot;Faz Acontecer Portugal&quot; com hist\u00f3rias surpreendentes de empreendedores portugueses!\" \/>\n<meta property=\"og:url\" content=\"https:\/\/andreleonardo.com\/en\/andre-leonardo-lanca-o-seu-segundo-livro\/\" \/>\n<meta property=\"og:site_name\" content=\"Andr\u00e9 Leonardo\" \/>\n<meta property=\"article:published_time\" content=\"2020-09-25T09:45:27+00:00\" \/>\n<meta property=\"article:modified_time\" content=\"2020-09-25T10:51:16+00:00\" \/>\n<meta property=\"og:image\" content=\"https:\/\/andreleonardo.com\/wp-content\/uploads\/2020\/09\/capa-Faz-Acontecer-Portugal.jpg\" \/>\n\t<meta property=\"og:image:width\" content=\"1200\" \/>\n\t<meta property=\"og:image:height\" content=\"628\" \/>\n\t<meta property=\"og:image:type\" content=\"image\/jpeg\" \/>\n<meta name=\"author\" content=\"Andr\u00e9 Leonardo\" \/>\n<meta name=\"twitter:card\" content=\"summary_large_image\" \/>\n<meta name=\"twitter:label1\" content=\"Written by\" \/>\n\t<meta name=\"twitter:data1\" content=\"Andr\u00e9 Leonardo\" \/>\n\t<meta name=\"twitter:label2\" content=\"Estimated reading time\" \/>\n\t<meta name=\"twitter:data2\" content=\"4 minutes\" \/>\n<script type=\"application\/ld+json\" class=\"yoast-schema-graph\">{\"@context\":\"https:\\\/\\\/schema.org\",\"@graph\":[{\"@type\":\"Article\",\"@id\":\"https:\\\/\\\/andreleonardo.com\\\/andre-leonardo-lanca-o-seu-segundo-livro\\\/#article\",\"isPartOf\":{\"@id\":\"https:\\\/\\\/andreleonardo.com\\\/andre-leonardo-lanca-o-seu-segundo-livro\\\/\"},\"author\":{\"name\":\"Andr\u00e9 Leonardo\",\"@id\":\"https:\\\/\\\/andreleonardo.com\\\/#\\\/schema\\\/person\\\/50b5e9bd1f5381610f015beef18c1dcd\"},\"headline\":\"Andr\u00e9 Leonardo lan\u00e7a o seu segundo livro\",\"datePublished\":\"2020-09-25T09:45:27+00:00\",\"dateModified\":\"2020-09-25T10:51:16+00:00\",\"mainEntityOfPage\":{\"@id\":\"https:\\\/\\\/andreleonardo.com\\\/andre-leonardo-lanca-o-seu-segundo-livro\\\/\"},\"wordCount\":817,\"commentCount\":0,\"publisher\":{\"@id\":\"https:\\\/\\\/andreleonardo.com\\\/#\\\/schema\\\/person\\\/50b5e9bd1f5381610f015beef18c1dcd\"},\"image\":{\"@id\":\"https:\\\/\\\/andreleonardo.com\\\/andre-leonardo-lanca-o-seu-segundo-livro\\\/#primaryimage\"},\"thumbnailUrl\":\"https:\\\/\\\/andreleonardo.com\\\/wp-content\\\/uploads\\\/2020\\\/09\\\/capa-Faz-Acontecer-Portugal.jpg\",\"articleSection\":[\"Todas\"],\"inLanguage\":\"en-GB\",\"potentialAction\":[{\"@type\":\"CommentAction\",\"name\":\"Comment\",\"target\":[\"https:\\\/\\\/andreleonardo.com\\\/andre-leonardo-lanca-o-seu-segundo-livro\\\/#respond\"]}]},{\"@type\":\"WebPage\",\"@id\":\"https:\\\/\\\/andreleonardo.com\\\/andre-leonardo-lanca-o-seu-segundo-livro\\\/\",\"url\":\"https:\\\/\\\/andreleonardo.com\\\/andre-leonardo-lanca-o-seu-segundo-livro\\\/\",\"name\":\"\u201cFaz Acontecer, Portugal\u201d chega \u00e0s livrarias esta semana\",\"isPartOf\":{\"@id\":\"https:\\\/\\\/andreleonardo.com\\\/#website\"},\"primaryImageOfPage\":{\"@id\":\"https:\\\/\\\/andreleonardo.com\\\/andre-leonardo-lanca-o-seu-segundo-livro\\\/#primaryimage\"},\"image\":{\"@id\":\"https:\\\/\\\/andreleonardo.com\\\/andre-leonardo-lanca-o-seu-segundo-livro\\\/#primaryimage\"},\"thumbnailUrl\":\"https:\\\/\\\/andreleonardo.com\\\/wp-content\\\/uploads\\\/2020\\\/09\\\/capa-Faz-Acontecer-Portugal.jpg\",\"datePublished\":\"2020-09-25T09:45:27+00:00\",\"dateModified\":\"2020-09-25T10:51:16+00:00\",\"description\":\"Andr\u00e9 Leonardo lan\u00e7a o seu segundo livro - \\\"Faz Acontecer Portugal\\\" com hist\u00f3rias surpreendentes de empreendedores portugueses!\",\"breadcrumb\":{\"@id\":\"https:\\\/\\\/andreleonardo.com\\\/andre-leonardo-lanca-o-seu-segundo-livro\\\/#breadcrumb\"},\"inLanguage\":\"en-GB\",\"potentialAction\":[{\"@type\":\"ReadAction\",\"target\":[\"https:\\\/\\\/andreleonardo.com\\\/andre-leonardo-lanca-o-seu-segundo-livro\\\/\"]}]},{\"@type\":\"ImageObject\",\"inLanguage\":\"en-GB\",\"@id\":\"https:\\\/\\\/andreleonardo.com\\\/andre-leonardo-lanca-o-seu-segundo-livro\\\/#primaryimage\",\"url\":\"https:\\\/\\\/andreleonardo.com\\\/wp-content\\\/uploads\\\/2020\\\/09\\\/capa-Faz-Acontecer-Portugal.jpg\",\"contentUrl\":\"https:\\\/\\\/andreleonardo.com\\\/wp-content\\\/uploads\\\/2020\\\/09\\\/capa-Faz-Acontecer-Portugal.jpg\",\"width\":1200,\"height\":628},{\"@type\":\"BreadcrumbList\",\"@id\":\"https:\\\/\\\/andreleonardo.com\\\/andre-leonardo-lanca-o-seu-segundo-livro\\\/#breadcrumb\",\"itemListElement\":[{\"@type\":\"ListItem\",\"position\":1,\"name\":\"In\u00edcio\",\"item\":\"https:\\\/\\\/andreleonardo.com\\\/\"},{\"@type\":\"ListItem\",\"position\":2,\"name\":\"Andr\u00e9 Leonardo lan\u00e7a o seu segundo livro\"}]},{\"@type\":\"WebSite\",\"@id\":\"https:\\\/\\\/andreleonardo.com\\\/#website\",\"url\":\"https:\\\/\\\/andreleonardo.com\\\/\",\"name\":\"Andr\u00e9 Leonardo\",\"description\":\"Empreendedor | Viajante | Autor &amp; Orador\",\"publisher\":{\"@id\":\"https:\\\/\\\/andreleonardo.com\\\/#\\\/schema\\\/person\\\/50b5e9bd1f5381610f015beef18c1dcd\"},\"potentialAction\":[{\"@type\":\"SearchAction\",\"target\":{\"@type\":\"EntryPoint\",\"urlTemplate\":\"https:\\\/\\\/andreleonardo.com\\\/?s={search_term_string}\"},\"query-input\":{\"@type\":\"PropertyValueSpecification\",\"valueRequired\":true,\"valueName\":\"search_term_string\"}}],\"inLanguage\":\"en-GB\"},{\"@type\":[\"Person\",\"Organization\"],\"@id\":\"https:\\\/\\\/andreleonardo.com\\\/#\\\/schema\\\/person\\\/50b5e9bd1f5381610f015beef18c1dcd\",\"name\":\"Andr\u00e9 Leonardo\",\"image\":{\"@type\":\"ImageObject\",\"inLanguage\":\"en-GB\",\"@id\":\"https:\\\/\\\/andreleonardo.com\\\/wp-content\\\/uploads\\\/2019\\\/09\\\/Andr\u00e9-Leonardo.jpg\",\"url\":\"https:\\\/\\\/andreleonardo.com\\\/wp-content\\\/uploads\\\/2019\\\/09\\\/Andr\u00e9-Leonardo.jpg\",\"contentUrl\":\"https:\\\/\\\/andreleonardo.com\\\/wp-content\\\/uploads\\\/2019\\\/09\\\/Andr\u00e9-Leonardo.jpg\",\"width\":1600,\"height\":500,\"caption\":\"Andr\u00e9 Leonardo\"},\"logo\":{\"@id\":\"https:\\\/\\\/andreleonardo.com\\\/wp-content\\\/uploads\\\/2019\\\/09\\\/Andr\u00e9-Leonardo.jpg\"},\"description\":\"Empreendedor | Viajante | Autor &amp; Orador\",\"sameAs\":[\"http:\\\/\\\/www.AndreLeonardo.com\"]}]}<\/script>\n<!-- \/ Yoast SEO plugin. -->","yoast_head_json":{"title":"\u201cFaz Acontecer, Portugal\u201d chega \u00e0s livrarias esta semana","description":"Andr\u00e9 Leonardo lan\u00e7a o seu segundo livro - \"Faz Acontecer Portugal\" com hist\u00f3rias surpreendentes de empreendedores portugueses!","robots":{"index":"index","follow":"follow","max-snippet":"max-snippet:-1","max-image-preview":"max-image-preview:large","max-video-preview":"max-video-preview:-1"},"canonical":"https:\/\/andreleonardo.com\/en\/andre-leonardo-lanca-o-seu-segundo-livro\/","og_locale":"en_GB","og_type":"article","og_title":"\u201cFaz Acontecer, Portugal\u201d chega \u00e0s livrarias esta semana","og_description":"Andr\u00e9 Leonardo lan\u00e7a o seu segundo livro - \"Faz Acontecer Portugal\" com hist\u00f3rias surpreendentes de empreendedores portugueses!","og_url":"https:\/\/andreleonardo.com\/en\/andre-leonardo-lanca-o-seu-segundo-livro\/","og_site_name":"Andr\u00e9 Leonardo","article_published_time":"2020-09-25T09:45:27+00:00","article_modified_time":"2020-09-25T10:51:16+00:00","og_image":[{"width":1200,"height":628,"url":"https:\/\/andreleonardo.com\/wp-content\/uploads\/2020\/09\/capa-Faz-Acontecer-Portugal.jpg","type":"image\/jpeg"}],"author":"Andr\u00e9 Leonardo","twitter_card":"summary_large_image","twitter_misc":{"Written by":"Andr\u00e9 Leonardo","Estimated reading time":"4 minutes"},"schema":{"@context":"https:\/\/schema.org","@graph":[{"@type":"Article","@id":"https:\/\/andreleonardo.com\/andre-leonardo-lanca-o-seu-segundo-livro\/#article","isPartOf":{"@id":"https:\/\/andreleonardo.com\/andre-leonardo-lanca-o-seu-segundo-livro\/"},"author":{"name":"Andr\u00e9 Leonardo","@id":"https:\/\/andreleonardo.com\/#\/schema\/person\/50b5e9bd1f5381610f015beef18c1dcd"},"headline":"Andr\u00e9 Leonardo lan\u00e7a o seu segundo livro","datePublished":"2020-09-25T09:45:27+00:00","dateModified":"2020-09-25T10:51:16+00:00","mainEntityOfPage":{"@id":"https:\/\/andreleonardo.com\/andre-leonardo-lanca-o-seu-segundo-livro\/"},"wordCount":817,"commentCount":0,"publisher":{"@id":"https:\/\/andreleonardo.com\/#\/schema\/person\/50b5e9bd1f5381610f015beef18c1dcd"},"image":{"@id":"https:\/\/andreleonardo.com\/andre-leonardo-lanca-o-seu-segundo-livro\/#primaryimage"},"thumbnailUrl":"https:\/\/andreleonardo.com\/wp-content\/uploads\/2020\/09\/capa-Faz-Acontecer-Portugal.jpg","articleSection":["Todas"],"inLanguage":"en-GB","potentialAction":[{"@type":"CommentAction","name":"Comment","target":["https:\/\/andreleonardo.com\/andre-leonardo-lanca-o-seu-segundo-livro\/#respond"]}]},{"@type":"WebPage","@id":"https:\/\/andreleonardo.com\/andre-leonardo-lanca-o-seu-segundo-livro\/","url":"https:\/\/andreleonardo.com\/andre-leonardo-lanca-o-seu-segundo-livro\/","name":"\u201cFaz Acontecer, Portugal\u201d chega \u00e0s livrarias esta semana","isPartOf":{"@id":"https:\/\/andreleonardo.com\/#website"},"primaryImageOfPage":{"@id":"https:\/\/andreleonardo.com\/andre-leonardo-lanca-o-seu-segundo-livro\/#primaryimage"},"image":{"@id":"https:\/\/andreleonardo.com\/andre-leonardo-lanca-o-seu-segundo-livro\/#primaryimage"},"thumbnailUrl":"https:\/\/andreleonardo.com\/wp-content\/uploads\/2020\/09\/capa-Faz-Acontecer-Portugal.jpg","datePublished":"2020-09-25T09:45:27+00:00","dateModified":"2020-09-25T10:51:16+00:00","description":"Andr\u00e9 Leonardo lan\u00e7a o seu segundo livro - \"Faz Acontecer Portugal\" com hist\u00f3rias surpreendentes de empreendedores portugueses!","breadcrumb":{"@id":"https:\/\/andreleonardo.com\/andre-leonardo-lanca-o-seu-segundo-livro\/#breadcrumb"},"inLanguage":"en-GB","potentialAction":[{"@type":"ReadAction","target":["https:\/\/andreleonardo.com\/andre-leonardo-lanca-o-seu-segundo-livro\/"]}]},{"@type":"ImageObject","inLanguage":"en-GB","@id":"https:\/\/andreleonardo.com\/andre-leonardo-lanca-o-seu-segundo-livro\/#primaryimage","url":"https:\/\/andreleonardo.com\/wp-content\/uploads\/2020\/09\/capa-Faz-Acontecer-Portugal.jpg","contentUrl":"https:\/\/andreleonardo.com\/wp-content\/uploads\/2020\/09\/capa-Faz-Acontecer-Portugal.jpg","width":1200,"height":628},{"@type":"BreadcrumbList","@id":"https:\/\/andreleonardo.com\/andre-leonardo-lanca-o-seu-segundo-livro\/#breadcrumb","itemListElement":[{"@type":"ListItem","position":1,"name":"In\u00edcio","item":"https:\/\/andreleonardo.com\/"},{"@type":"ListItem","position":2,"name":"Andr\u00e9 Leonardo lan\u00e7a o seu segundo livro"}]},{"@type":"WebSite","@id":"https:\/\/andreleonardo.com\/#website","url":"https:\/\/andreleonardo.com\/","name":"Andr\u00e9 Leonardo","description":"Entrepreneur | Traveller | Author &amp; Speaker","publisher":{"@id":"https:\/\/andreleonardo.com\/#\/schema\/person\/50b5e9bd1f5381610f015beef18c1dcd"},"potentialAction":[{"@type":"SearchAction","target":{"@type":"EntryPoint","urlTemplate":"https:\/\/andreleonardo.com\/?s={search_term_string}"},"query-input":{"@type":"PropertyValueSpecification","valueRequired":true,"valueName":"search_term_string"}}],"inLanguage":"en-GB"},{"@type":["Person","Organization"],"@id":"https:\/\/andreleonardo.com\/#\/schema\/person\/50b5e9bd1f5381610f015beef18c1dcd","name":"Andr\u00e9 Leonardo","image":{"@type":"ImageObject","inLanguage":"en-GB","@id":"https:\/\/andreleonardo.com\/wp-content\/uploads\/2019\/09\/Andr\u00e9-Leonardo.jpg","url":"https:\/\/andreleonardo.com\/wp-content\/uploads\/2019\/09\/Andr\u00e9-Leonardo.jpg","contentUrl":"https:\/\/andreleonardo.com\/wp-content\/uploads\/2019\/09\/Andr\u00e9-Leonardo.jpg","width":1600,"height":500,"caption":"Andr\u00e9 Leonardo"},"logo":{"@id":"https:\/\/andreleonardo.com\/wp-content\/uploads\/2019\/09\/Andr\u00e9-Leonardo.jpg"},"description":"Entrepreneur | Traveller | Author &amp; Speaker","sameAs":["http:\/\/www.AndreLeonardo.com"]}]}},"_links":{"self":[{"href":"https:\/\/andreleonardo.com\/en\/wp-json\/wp\/v2\/posts\/4683","targetHints":{"allow":["GET"]}}],"collection":[{"href":"https:\/\/andreleonardo.com\/en\/wp-json\/wp\/v2\/posts"}],"about":[{"href":"https:\/\/andreleonardo.com\/en\/wp-json\/wp\/v2\/types\/post"}],"author":[{"embeddable":true,"href":"https:\/\/andreleonardo.com\/en\/wp-json\/wp\/v2\/users\/1"}],"replies":[{"embeddable":true,"href":"https:\/\/andreleonardo.com\/en\/wp-json\/wp\/v2\/comments?post=4683"}],"version-history":[{"count":0,"href":"https:\/\/andreleonardo.com\/en\/wp-json\/wp\/v2\/posts\/4683\/revisions"}],"wp:featuredmedia":[{"embeddable":true,"href":"https:\/\/andreleonardo.com\/en\/wp-json\/wp\/v2\/media\/4684"}],"wp:attachment":[{"href":"https:\/\/andreleonardo.com\/en\/wp-json\/wp\/v2\/media?parent=4683"}],"wp:term":[{"taxonomy":"category","embeddable":true,"href":"https:\/\/andreleonardo.com\/en\/wp-json\/wp\/v2\/categories?post=4683"},{"taxonomy":"post_tag","embeddable":true,"href":"https:\/\/andreleonardo.com\/en\/wp-json\/wp\/v2\/tags?post=4683"}],"curies":[{"name":"wp","href":"https:\/\/api.w.org\/{rel}","templated":true}]}}